{"id":45,"date":"2025-06-12T17:45:28","date_gmt":"2025-06-12T15:45:28","guid":{"rendered":"https:\/\/clairebengtsson.fr\/?p=45"},"modified":"2025-06-12T17:45:29","modified_gmt":"2025-06-12T15:45:29","slug":"les-ecoles-libres-a-la-commission-denquete-parlementaire","status":"publish","type":"post","link":"https:\/\/clairebengtsson.fr\/?p=45","title":{"rendered":"Les \u00e9coles libres \u00e0 la Commission d\u2019enqu\u00eate parlementaire"},"content":{"rendered":"\n<p>J\u2019ai lu avec grand int\u00e9r\u00eat l\u2019article de Cr\u00e9er son \u00e9cole sur le passage du hors contrat devant la Commission d\u2019enqu\u00eate parlementaire. Anne Coffinier y intervient avec justesse, plaidant pour des contr\u00f4les rigoureux mais \u00e9quitables. Une lecture \u00e9clairante sur les tensions actuelles entre libert\u00e9 et r\u00e9gulation.<\/p>\n\n\n\n<figure class=\"wp-block-embed is-type-wp-embed is-provider-cr-er-son-cole wp-block-embed-cr-er-son-cole\"><div class=\"wp-block-embed__wrapper\">\n<blockquote class=\"wp-embedded-content\" data-secret=\"5nRMTsyfLv\"><a href=\"https:\/\/creer-son-ecole.com\/le-hors-contrat-a-la-commission-denquete-parlementaire\/\">Le hors-contrat \u00e0 la Commission d&#8217;enqu\u00eate parlementaire<\/a><\/blockquote><iframe loading=\"lazy\" class=\"wp-embedded-content\" sandbox=\"allow-scripts\" security=\"restricted\" style=\"position: absolute; visibility: hidden;\" title=\"\u00ab\u00a0Le hors-contrat \u00e0 la Commission d&#8217;enqu\u00eate parlementaire\u00a0\u00bb &#8212; Cr\u00e9er son \u00e9cole\" src=\"https:\/\/creer-son-ecole.com\/le-hors-contrat-a-la-commission-denquete-parlementaire\/embed\/#?secret=ZIZhSLK828#?secret=5nRMTsyfLv\" data-secret=\"5nRMTsyfLv\" width=\"600\" height=\"338\" frameborder=\"0\" marginwidth=\"0\" marginheight=\"0\" scrolling=\"no\"><\/iframe>\n<\/div><\/figure>\n","protected":false},"excerpt":{"rendered":"<p>J\u2019ai lu avec grand int\u00e9r\u00eat l\u2019article de Cr\u00e9er son \u00e9cole sur le passage du hors contrat devant la Commission d\u2019enqu\u00eate parlementaire. Anne Coffinier y intervient avec justesse, plaidant pour des contr\u00f4les rigoureux mais \u00e9quitables. Une lecture \u00e9clairante sur les tensions actuelles entre libert\u00e9 et r\u00e9gulation.<\/p>\n","protected":false},"author":1,"featured_media":46,"comment_status":"open","ping_status":"open","sticky":false,"template":"","format":"standard","meta":{"_et_pb_use_builder":"off","_et_pb_old_content":"","_et_gb_content_width":"","footnotes":""},"categories":[5],"tags":[],"class_list":["post-45","post","type-post","status-publish","format-standard","has-post-thumbnail","hentry","category-ecoles-libres"],"_links":{"self":[{"href":"https:\/\/clairebengtsson.fr\/index.php?rest_route=\/wp\/v2\/posts\/45","targetHints":{"allow":["GET"]}}],"collection":[{"href":"https:\/\/clairebengtsson.fr\/index.php?rest_route=\/wp\/v2\/posts"}],"about":[{"href":"https:\/\/clairebengtsson.fr\/index.php?rest_route=\/wp\/v2\/types\/post"}],"author":[{"embeddable":true,"href":"https:\/\/clairebengtsson.fr\/index.php?rest_route=\/wp\/v2\/users\/1"}],"replies":[{"embeddable":true,"href":"https:\/\/clairebengtsson.fr\/index.php?rest_route=%2Fwp%2Fv2%2Fcomments&post=45"}],"version-history":[{"count":1,"href":"https:\/\/clairebengtsson.fr\/index.php?rest_route=\/wp\/v2\/posts\/45\/revisions"}],"predecessor-version":[{"id":47,"href":"https:\/\/clairebengtsson.fr\/index.php?rest_route=\/wp\/v2\/posts\/45\/revisions\/47"}],"wp:featuredmedia":[{"embeddable":true,"href":"https:\/\/clairebengtsson.fr\/index.php?rest_route=\/wp\/v2\/media\/46"}],"wp:attachment":[{"href":"https:\/\/clairebengtsson.fr\/index.php?rest_route=%2Fwp%2Fv2%2Fmedia&parent=45"}],"wp:term":[{"taxonomy":"category","embeddable":true,"href":"https:\/\/clairebengtsson.fr\/index.php?rest_route=%2Fwp%2Fv2%2Fcategories&post=45"},{"taxonomy":"post_tag","embeddable":true,"href":"https:\/\/clairebengtsson.fr\/index.php?rest_route=%2Fwp%2Fv2%2Ftags&post=45"}],"curies":[{"name":"wp","href":"https:\/\/api.w.org\/{rel}","templated":true}]}}