{"id":49,"date":"2025-06-13T10:57:13","date_gmt":"2025-06-13T08:57:13","guid":{"rendered":"https:\/\/clairebengtsson.fr\/?p=49"},"modified":"2025-06-13T10:57:14","modified_gmt":"2025-06-13T08:57:14","slug":"donner-du-temps-a-la-lecture-un-defi-de-reconquete","status":"publish","type":"post","link":"https:\/\/clairebengtsson.fr\/?p=49","title":{"rendered":"Donner du temps \u00e0 la lecture : un d\u00e9fi de reconqu\u00eate"},"content":{"rendered":"\n<p><a href=\"https:\/\/www.fondationpourlecole.org\/blog\/donner-du-temps-a-la-lecture-un-passionnant-defi-de-reconquete\/\">Article passionnant<\/a> de la Fondation pour l&rsquo;\u00c9cole qui rappelle avec force combien la lecture est un pilier de la formation intellectuelle et personnelle des \u00e9l\u00e8ves. Redonner du temps \u00e0 la lecture, c\u2019est r\u00e9sister \u00e0 la dispersion et permettre \u00e0 chacun d\u2019entrer dans une vraie profondeur. Ce combat \u00e9ducatif semble urgent et fondamental.<\/p>\n\n\n\n<p><\/p>\n","protected":false},"excerpt":{"rendered":"<p>Article passionnant de la Fondation pour l&rsquo;\u00c9cole qui rappelle avec force combien la lecture est un pilier de la formation intellectuelle et personnelle des \u00e9l\u00e8ves. Redonner du temps \u00e0 la lecture, c\u2019est r\u00e9sister \u00e0 la dispersion et permettre \u00e0 chacun d\u2019entrer dans une vraie profondeur. Ce combat \u00e9ducatif semble urgent et fondamental.<\/p>\n","protected":false},"author":1,"featured_media":50,"comment_status":"open","ping_status":"open","sticky":false,"template":"","format":"standard","meta":{"_et_pb_use_builder":"off","_et_pb_old_content":"","_et_gb_content_width":"","footnotes":""},"categories":[5],"tags":[],"class_list":["post-49","post","type-post","status-publish","format-standard","has-post-thumbnail","hentry","category-ecoles-libres"],"_links":{"self":[{"href":"https:\/\/clairebengtsson.fr\/index.php?rest_route=\/wp\/v2\/posts\/49","targetHints":{"allow":["GET"]}}],"collection":[{"href":"https:\/\/clairebengtsson.fr\/index.php?rest_route=\/wp\/v2\/posts"}],"about":[{"href":"https:\/\/clairebengtsson.fr\/index.php?rest_route=\/wp\/v2\/types\/post"}],"author":[{"embeddable":true,"href":"https:\/\/clairebengtsson.fr\/index.php?rest_route=\/wp\/v2\/users\/1"}],"replies":[{"embeddable":true,"href":"https:\/\/clairebengtsson.fr\/index.php?rest_route=%2Fwp%2Fv2%2Fcomments&post=49"}],"version-history":[{"count":1,"href":"https:\/\/clairebengtsson.fr\/index.php?rest_route=\/wp\/v2\/posts\/49\/revisions"}],"predecessor-version":[{"id":51,"href":"https:\/\/clairebengtsson.fr\/index.php?rest_route=\/wp\/v2\/posts\/49\/revisions\/51"}],"wp:featuredmedia":[{"embeddable":true,"href":"https:\/\/clairebengtsson.fr\/index.php?rest_route=\/wp\/v2\/media\/50"}],"wp:attachment":[{"href":"https:\/\/clairebengtsson.fr\/index.php?rest_route=%2Fwp%2Fv2%2Fmedia&parent=49"}],"wp:term":[{"taxonomy":"category","embeddable":true,"href":"https:\/\/clairebengtsson.fr\/index.php?rest_route=%2Fwp%2Fv2%2Fcategories&post=49"},{"taxonomy":"post_tag","embeddable":true,"href":"https:\/\/clairebengtsson.fr\/index.php?rest_route=%2Fwp%2Fv2%2Ftags&post=49"}],"curies":[{"name":"wp","href":"https:\/\/api.w.org\/{rel}","templated":true}]}}